{"id":5897,"date":"2018-11-12T11:52:37","date_gmt":"2018-11-12T10:52:37","guid":{"rendered":"https:\/\/www.ern.org\/?p=5897"},"modified":"2026-04-16T14:29:11","modified_gmt":"2026-04-16T12:29:11","slug":"succes-pour-la-2eme-table-ronde-sur-les-inondations-et-la-biodiversite","status":"publish","type":"post","link":"https:\/\/www.ern.org\/fr\/succes-pour-la-2eme-table-ronde-sur-les-inondations-et-la-biodiversite\/","title":{"rendered":"Succ\u00e8s pour la 2\u00e8me table ronde sur les inondations et la biodiversit\u00e9"},"content":{"rendered":"<p>90 personnes sont venues \u00e9changer vendredi 09 novembre dans la salle prestigieuse de la grande galerie de l\u2019\u00e9volution au Mus\u00e9um National d\u2019Histoire Naturelle de Paris sur l\u2019invitation de ERN France. Une grande diversit\u00e9 d\u2019acteurs institutionnels, associatifs, chercheurs, gestionnaires, &#8230; pour tenter de mieux cerner les interactions nombreuses entre les <strong>inondations et la biodiversit\u00e9<\/strong>. Un sujet complexe qui reste encore trop peu trait\u00e9 et sur lequel le dialogue a \u00e9t\u00e9 riche et passionn\u00e9.<\/p>\n<p>Une nouvelle fois cette table ronde montre l&rsquo;importance du r\u00f4le de la soci\u00e9t\u00e9 civile, sa capacit\u00e9 \u00e0 cr\u00e9er du lien, de faire se croiser les connaissances et les pratiques, \u00e0 confronter les approches par le dialogue.<\/p>\n<p>Organis\u00e9 avec le soutien du Minist\u00e8re de la Transition \u00e9cologique et solidaire.<\/p>\n<p>Les pr\u00e9sentations de intervenants sont disponible \u00e0 \u00a0infos @ ern.org<\/p>\n<div id=\"attachment_5887\" style=\"width: 1040px\" class=\"wp-caption aligncenter\"><img loading=\"lazy\" decoding=\"async\" aria-describedby=\"caption-attachment-5887\" class=\"wp-image-5887 size-large\" src=\"http:\/\/www.ern.org\/wp-content\/uploads\/2018\/11\/20181109_0953021-1030x580.jpg\" alt=\"\" width=\"1030\" height=\"580\" \/><p id=\"caption-attachment-5887\" class=\"wp-caption-text\">Ouverture de la table ronde &#8211; 09\/11\/2018 \u00a9ERN France<\/p><\/div>\n","protected":false},"excerpt":{"rendered":"<p>90 personnes sont venues \u00e9changer vendredi 09 novembre dans la salle prestigieuse de la grande galerie de l\u2019\u00e9volution au Mus\u00e9um National d\u2019Histoire Naturelle de Paris sur l\u2019invitation de ERN France. Une grande diversit\u00e9 d\u2019acteurs institutionnels, associatifs, chercheurs, gestionnaires, &#8230; pour tenter de mieux cerner les interactions nombreuses entre les inondations et la biodiversit\u00e9. Un sujet [&hellip;]<\/p>\n","protected":false},"author":5,"featured_media":5877,"comment_status":"open","ping_status":"open","sticky":false,"template":"","format":"standard","meta":{"footnotes":""},"categories":[9,35,45],"tags":[],"class_list":["post-5897","post","type-post","status-publish","format-standard","has-post-thumbnail","hentry","category-accueil-fr","category-proteger","category-vivre-avec-crue"],"_links":{"self":[{"href":"https:\/\/www.ern.org\/fr\/wp-json\/wp\/v2\/posts\/5897","targetHints":{"allow":["GET"]}}],"collection":[{"href":"https:\/\/www.ern.org\/fr\/wp-json\/wp\/v2\/posts"}],"about":[{"href":"https:\/\/www.ern.org\/fr\/wp-json\/wp\/v2\/types\/post"}],"author":[{"embeddable":true,"href":"https:\/\/www.ern.org\/fr\/wp-json\/wp\/v2\/users\/5"}],"replies":[{"embeddable":true,"href":"https:\/\/www.ern.org\/fr\/wp-json\/wp\/v2\/comments?post=5897"}],"version-history":[{"count":1,"href":"https:\/\/www.ern.org\/fr\/wp-json\/wp\/v2\/posts\/5897\/revisions"}],"predecessor-version":[{"id":25908,"href":"https:\/\/www.ern.org\/fr\/wp-json\/wp\/v2\/posts\/5897\/revisions\/25908"}],"wp:featuredmedia":[{"embeddable":true,"href":"https:\/\/www.ern.org\/fr\/wp-json\/wp\/v2\/media\/5877"}],"wp:attachment":[{"href":"https:\/\/www.ern.org\/fr\/wp-json\/wp\/v2\/media?parent=5897"}],"wp:term":[{"taxonomy":"category","embeddable":true,"href":"https:\/\/www.ern.org\/fr\/wp-json\/wp\/v2\/categories?post=5897"},{"taxonomy":"post_tag","embeddable":true,"href":"https:\/\/www.ern.org\/fr\/wp-json\/wp\/v2\/tags?post=5897"}],"curies":[{"name":"wp","href":"https:\/\/api.w.org\/{rel}","templated":true}]}}