{"id":2801,"date":"2017-09-19T12:36:28","date_gmt":"2017-09-19T10:36:28","guid":{"rendered":"https:\/\/www.ern.org\/?p=2801"},"modified":"2026-02-06T07:44:48","modified_gmt":"2026-02-06T07:44:48","slug":"sensibiliser-le-public-au-risque-inondation-en-ile-de-france-publication-dune-plaquette-sur-la-crue-de-juin-2016","status":"publish","type":"post","link":"https:\/\/www.ern.org\/fr\/sensibiliser-le-public-au-risque-inondation-en-ile-de-france-publication-dune-plaquette-sur-la-crue-de-juin-2016\/","title":{"rendered":"Sensibiliser le public au risque inondation en Ile-de-France : publication d\u2019une plaquette sur la crue de juin 2016"},"content":{"rendered":"<p>Les habitants d\u2019Ile-de-France se sont d\u00e9saccoutum\u00e9s aux crues. Les ouvrages existants, les lacs r\u00e9servoirs g\u00e9r\u00e9s par l\u2019EPTB Seine Grand Lacs, de meilleures pr\u00e9visions, tous ces outils ont permis \u00ab\u00a0d\u2019\u00e9cr\u00eater\u00a0\u00bb les crues moyenne de la Seine et de les rendre indolores pour la population. Mais en juin 2016, la conjonction de diff\u00e9rents facteurs a rappel\u00e9 qu\u2019une crue destructrice en Ile-de-France et en Seine amont n\u2019\u00e9tait pas qu\u2019une hypoth\u00e8se et que la r\u00e9gion et ses alentours restaient vuln\u00e9rable.<\/p>\n<p>Peut-on tirer des le\u00e7ons de la crue de juin 2016 pour \u00e9veiller les consciences \u00e0 ce risque r\u00e9el avec lequel il va falloir vivre\u00a0? Peut-on \u00e9viter le d\u00e9ni et l\u2019oubli de ces \u00e9pisodes de crues en maintenant collectivement un \u00e9tat de vigilance\u00a0? Comment accro\u00eetre cette \u00ab\u00a0culture du risque\u00a0\u00bb dans la population d\u2019Ile-de France et l\u2019amener progressivement \u00e0 \u00ab\u00a0vivre avec le fleuve\u00a0\u00bb plut\u00f4t que de nier sa pr\u00e9sence ou vouloir combattre la Seine uniquement par des ouvrages hydrauliques et de l\u2019endiguement\u00a0?<\/p>\n<p>C\u2019est la vocation de la plaquette publi\u00e9e par European Rivers Network France, en partenariat avec EPTB Seine Grand Lacs, dans le cadre du PAPI de la Seine et de la Marne franciliennes, de nous rappeler collectivement le risque inondation en r\u00e9gion parisienne et en Seine amont en esquissant les pistes qui permettront de co-construire cette culture du risque afin de vivre avec les crues&#8230; et avec la Seine.<\/p>\n<p style=\"text-align: center;\"><a href=\"https:\/\/www.ern.org\/wp-content\/uploads\/2017\/09\/Document-Crues-de-la-Seine-2016_final.pdf\"><strong>T\u00e9l\u00e9charger la plaquette :<\/strong><\/a><\/p>\n<p><a href=\"https:\/\/www.ern.org\/wp-content\/uploads\/2017\/09\/Document-Crues-de-la-Seine-2016_final.pdf\"><img loading=\"lazy\" decoding=\"async\" class=\"aligncenter wp-image-2802 size-full\" src=\"https:\/\/www.ern.org\/wp-content\/uploads\/2017\/09\/Document-Crues-de-la-Seine-2016_une.jpg\" alt=\"\" width=\"1000\" height=\"680\" \/><\/a><\/p>\n","protected":false},"excerpt":{"rendered":"<p>Les habitants d\u2019Ile-de-France se sont d\u00e9saccoutum\u00e9s aux crues. Les ouvrages existants, les lacs r\u00e9servoirs g\u00e9r\u00e9s par l\u2019EPTB Seine Grand Lacs, de meilleures pr\u00e9visions, tous ces outils ont permis \u00ab\u00a0d\u2019\u00e9cr\u00eater\u00a0\u00bb les crues moyenne de la Seine et de les rendre indolores pour la population. Mais en juin 2016, la conjonction de diff\u00e9rents facteurs a rappel\u00e9 qu\u2019une [&hellip;]<\/p>\n","protected":false},"author":5,"featured_media":0,"comment_status":"closed","ping_status":"closed","sticky":false,"template":"","format":"standard","meta":{"footnotes":""},"categories":[9,45],"tags":[109,111,143,144,262,280],"class_list":["post-2801","post","type-post","status-publish","format-standard","hentry","category-accueil-fr","category-vivre-avec-crue","tag-crue-juin-2016","tag-culture-du-fleuve","tag-eptb-seine-grands-lacs","tag-ern","tag-seine","tag-vivre-avec-les-crues"],"_links":{"self":[{"href":"https:\/\/www.ern.org\/fr\/wp-json\/wp\/v2\/posts\/2801","targetHints":{"allow":["GET"]}}],"collection":[{"href":"https:\/\/www.ern.org\/fr\/wp-json\/wp\/v2\/posts"}],"about":[{"href":"https:\/\/www.ern.org\/fr\/wp-json\/wp\/v2\/types\/post"}],"author":[{"embeddable":true,"href":"https:\/\/www.ern.org\/fr\/wp-json\/wp\/v2\/users\/5"}],"replies":[{"embeddable":true,"href":"https:\/\/www.ern.org\/fr\/wp-json\/wp\/v2\/comments?post=2801"}],"version-history":[{"count":0,"href":"https:\/\/www.ern.org\/fr\/wp-json\/wp\/v2\/posts\/2801\/revisions"}],"wp:attachment":[{"href":"https:\/\/www.ern.org\/fr\/wp-json\/wp\/v2\/media?parent=2801"}],"wp:term":[{"taxonomy":"category","embeddable":true,"href":"https:\/\/www.ern.org\/fr\/wp-json\/wp\/v2\/categories?post=2801"},{"taxonomy":"post_tag","embeddable":true,"href":"https:\/\/www.ern.org\/fr\/wp-json\/wp\/v2\/tags?post=2801"}],"curies":[{"name":"wp","href":"https:\/\/api.w.org\/{rel}","templated":true}]}}