{"id":25931,"date":"2026-04-28T09:48:11","date_gmt":"2026-04-28T07:48:11","guid":{"rendered":"https:\/\/www.ern.org\/?p=25931"},"modified":"2026-04-28T12:21:23","modified_gmt":"2026-04-28T10:21:23","slug":"webinaire-exclusif-sur-la-fin-des-concessions-hydroelectriques-jeudi-7-mai-2026-de-14h-15h30","status":"publish","type":"post","link":"https:\/\/www.ern.org\/fr\/webinaire-exclusif-sur-la-fin-des-concessions-hydroelectriques-jeudi-7-mai-2026-de-14h-15h30\/","title":{"rendered":"Webinaire exclusif sur la fin des concessions hydro\u00e9lectriques : Jeudi 7 mai 2026 de 14h-15h30"},"content":{"rendered":"<table width=\"100%\">\n<tbody>\n<tr>\n<td width=\"100%\"><strong><a href=\"https:\/\/us02web.zoom.us\/webinar\/register\/WN_jmoFSrAoTPSloONyqKp1_w#\/registration\"><img loading=\"lazy\" decoding=\"async\" class=\"alignnone\" src=\"https:\/\/sosloirevivante.org\/wp-content\/uploads\/2026\/04\/banner_webinaire_concessionbd.jpg\" alt=\"\" width=\"683\" height=\"213\" \/><\/a><\/strong><\/p>\n<p>Le projet de loi visant \u00e0 relancer les investissements dans \u00ab la grande hydro\u00e9lectricit\u00e9 \u00bb est en cours d&rsquo;adoption. Ce texte vise \u00e0 r\u00e9former le r\u00e9gime juridique des concessions hydro\u00e9lectriques et faire cesser le contentieux europ\u00e9en.<\/p>\n<p><strong>Pour nous expliquer ce qui va changer Marie-No\u00eblle Battistel (SOC, Is\u00e8re) et Philippe Bolo (Dem, Maine-et-Loire)<\/strong>, viendront nous pr\u00e9senter le projet de loi en rappelant le cadre, les implications pour les installations du territoire, les \u00e9ventuels points encore en discussions et les probl\u00e9matiques que cela soul\u00e8ve.<\/p>\n<p><strong>Programme : 45 min. de pr\u00e9sentations , 45 min. Questions &amp; R\u00e9ponses<\/strong><\/p>\n<p>Animation\u00a0: Roberto Epple, Pr\u00e9sident SOS Loire Vivante &#8211; ERN et Corinne Ronot co-directrice SOS Loire VIvante=ERN<\/p>\n<p>&nbsp;<\/p>\n<p><strong>les questions essentielles qui seront abord\u00e9es :<\/strong><\/p>\n<p>&#8211; Quelles sont les diff\u00e9rences entre le r\u00e9gime de concessions et les futures &lsquo;autorisations&rsquo;<\/p>\n<p>&#8211;\u00a0Quel est le parc d&rsquo;\u00e9quipement concern\u00e9, les concessions en cours sont-elles \u00e9galement concern\u00e9es\u00a0?<\/p>\n<p>&#8211; Quelle sera la gouvernance lors du changement de r\u00e9gime de chaque installation\u00a0? et pendant la phase d\u2019exploitation\u00a0?<\/p>\n<p>&#8211; L\u2019Etat restera-t-il le propri\u00e9taire des barrages\u00a0?<\/p>\n<p>&#8211; Quelle est la contrepartie pour l\u2019Europe\u00a0? % d\u2019\u00e9nergie revendu\u00a0? \u00e0 quel prix, \u00e0 qui\u00a0?<\/p>\n<p>&#8211; Est-ce une opportunit\u00e9 de r\u00e9duire les impacts environnementaux des installations sur les milieux aquatiques\u00a0? Comment, Pourquoi\u00a0?<\/p>\n<p><strong>les panelistes<\/strong> (des repr\u00e9sentants d&rsquo;ONG, en cours d&rsquo;invitation) viendront aussi poser leurs questions.<\/p>\n<p><em><strong>Si vous avez des questions compl\u00e9mentaires vous pouvez les envoyer \u00e0 corinne.ronot (at)rivernet.org avant le\u00a04 mai 2026.\u00a0Elles seront compil\u00e9es et\u00a0relay\u00e9es aux intervenants et pan\u00e9listes sous r\u00e9serve d\u2019acceptation<\/strong><\/em><\/p>\n<p>&nbsp;<\/p>\n<p>Cet \u00e9v\u00e8nement s&rsquo;adresse \u00e0 un public large\u00a0: gestionnaires des milieux aquatiques, ONG, services de l&rsquo;Etat, citoyens.<\/p>\n<p>Il a le soutien financier de l&rsquo;OFB et participe aux actions du centre de ressource cours d&rsquo;eau<\/p>\n<p><a href=\"https:\/\/us02web.zoom.us\/webinar\/register\/WN_jmoFSrAoTPSloONyqKp1_w#\/registration\">Plus d&rsquo;infos et inscription<\/a><\/td>\n<\/tr>\n<\/tbody>\n<\/table>\n","protected":false},"excerpt":{"rendered":"<p>Le projet de loi visant \u00e0 relancer les investissements dans \u00ab la grande hydro\u00e9lectricit\u00e9 \u00bb est en cours d&rsquo;adoption. Ce texte vise \u00e0 r\u00e9former le r\u00e9gime juridique des concessions hydro\u00e9lectriques et faire cesser le contentieux europ\u00e9en. Pour nous expliquer ce qui va changer Marie-No\u00eblle Battistel (SOC, Is\u00e8re) et Philippe Bolo (Dem, Maine-et-Loire), viendront nous pr\u00e9senter [&hellip;]<\/p>\n","protected":false},"author":4,"featured_media":25132,"comment_status":"open","ping_status":"open","sticky":false,"template":"","format":"standard","meta":{"footnotes":""},"categories":[9,17,29,33,48],"tags":[356,357,358,355,290],"class_list":["post-25931","post","type-post","status-publish","format-standard","has-post-thumbnail","hentry","category-accueil-fr","category-dam-watch-fr","category-montpezat-fr","category-poutes-fr","category-vogelgrun-fr","tag-batistel","tag-bolo","tag-centrale-hydroelectrique","tag-concession-hydroelectrique","tag-webinaire-fr"],"_links":{"self":[{"href":"https:\/\/www.ern.org\/fr\/wp-json\/wp\/v2\/posts\/25931","targetHints":{"allow":["GET"]}}],"collection":[{"href":"https:\/\/www.ern.org\/fr\/wp-json\/wp\/v2\/posts"}],"about":[{"href":"https:\/\/www.ern.org\/fr\/wp-json\/wp\/v2\/types\/post"}],"author":[{"embeddable":true,"href":"https:\/\/www.ern.org\/fr\/wp-json\/wp\/v2\/users\/4"}],"replies":[{"embeddable":true,"href":"https:\/\/www.ern.org\/fr\/wp-json\/wp\/v2\/comments?post=25931"}],"version-history":[{"count":5,"href":"https:\/\/www.ern.org\/fr\/wp-json\/wp\/v2\/posts\/25931\/revisions"}],"predecessor-version":[{"id":25961,"href":"https:\/\/www.ern.org\/fr\/wp-json\/wp\/v2\/posts\/25931\/revisions\/25961"}],"wp:featuredmedia":[{"embeddable":true,"href":"https:\/\/www.ern.org\/fr\/wp-json\/wp\/v2\/media\/25132"}],"wp:attachment":[{"href":"https:\/\/www.ern.org\/fr\/wp-json\/wp\/v2\/media?parent=25931"}],"wp:term":[{"taxonomy":"category","embeddable":true,"href":"https:\/\/www.ern.org\/fr\/wp-json\/wp\/v2\/categories?post=25931"},{"taxonomy":"post_tag","embeddable":true,"href":"https:\/\/www.ern.org\/fr\/wp-json\/wp\/v2\/tags?post=25931"}],"curies":[{"name":"wp","href":"https:\/\/api.w.org\/{rel}","templated":true}]}}