{"id":23888,"date":"2023-02-13T12:52:29","date_gmt":"2023-02-13T11:52:29","guid":{"rendered":"https:\/\/www.ern.org\/?p=17856"},"modified":"2026-03-03T07:48:43","modified_gmt":"2026-03-03T07:48:43","slug":"une-marche-citoyenne-pour-un-partage-de-leau-equitable-entre-la-loire-et-lardeche-du-1-9-juillet-2023","status":"publish","type":"post","link":"https:\/\/www.ern.org\/fr\/une-marche-citoyenne-pour-un-partage-de-leau-equitable-entre-la-loire-et-lardeche-du-1-9-juillet-2023\/","title":{"rendered":"Une Marche citoyenne pour un partage de l&rsquo;eau \u00e9quitable entre La Loire et l&rsquo;Ard\u00e8che du 1 &#8211; 9 Juillet 2023"},"content":{"rendered":"<div  class='flex_column av-jltrfk-2cc49394a721b6648c473dce01996107 av_one_full  avia-builder-el-0  avia-builder-el-no-sibling  first flex_column_div  '     ><section  class='av_textblock_section av-lid7i6bz-bc48a7ba449535008f683f5a45e4a12b '   itemscope=\"itemscope\" itemtype=\"https:\/\/schema.org\/BlogPosting\" itemprop=\"blogPost\" ><div class='avia_textblock'  itemprop=\"text\" ><p><a href=\"https:\/\/www.ern.org\/wp-content\/uploads\/2023\/02\/Affiche-marche-de-leau_web-1.jpg\"><img loading=\"lazy\" decoding=\"async\" class=\"alignleft wp-image-18180 size-medium\" src=\"https:\/\/www.ern.org\/wp-content\/uploads\/2023\/02\/Affiche-marche-de-leau_web-1-214x300.jpg\" alt=\"\" width=\"214\" height=\"300\" srcset=\"https:\/\/www.ern.org\/wp-content\/uploads\/2023\/02\/Affiche-marche-de-leau_web-1-214x300.jpg 214w, https:\/\/www.ern.org\/wp-content\/uploads\/2023\/02\/Affiche-marche-de-leau_web-1-733x1030.jpg 733w, https:\/\/www.ern.org\/wp-content\/uploads\/2023\/02\/Affiche-marche-de-leau_web-1-768x1079.jpg 768w, https:\/\/www.ern.org\/wp-content\/uploads\/2023\/02\/Affiche-marche-de-leau_web-1-1094x1536.jpg 1094w, https:\/\/www.ern.org\/wp-content\/uploads\/2023\/02\/Affiche-marche-de-leau_web-1-1068x1500.jpg 1068w, https:\/\/www.ern.org\/wp-content\/uploads\/2023\/02\/Affiche-marche-de-leau_web-1-502x705.jpg 502w, https:\/\/www.ern.org\/wp-content\/uploads\/2023\/02\/Affiche-marche-de-leau_web-1.jpg 1295w\" sizes=\"auto, (max-width: 214px) 100vw, 214px\" \/><\/a>Une semaine de marche depuis le lac d\u2019Issarl\u00e8s jusqu\u2019\u00e0 Aubenas puis en cano\u00eb vers Vallon-Pont-d&rsquo;Arc .<br \/>\nAu programme : 3 \u00e0 5 heures de marche facile quotidienne, bagages transport\u00e9s, h\u00e9bergement sous tente, chambres d&rsquo;h\u00f4tes ou g\u00eetes, restauration bio par nos soins. Durant le parcours rencontres et d\u00e9bats sur la solidarit\u00e9 et le juste partage de l&rsquo;Eau entre la Loire et l\u2019Ard\u00e8che dans le contexte du changement climatique.<br \/>\nParticipation partielle possible.<br \/>\nLes familles sont les bienvenues.<\/p>\n<p>&gt;<a href=\"https:\/\/www.sosloirevivante.org\">\u00a0plus d&rsquo;info sur le site de SOS Loire Vivante<\/a><br \/>\nou par t\u00e9l: 04 71 05 57 88<\/p>\n<\/div><\/section><\/div>\n","protected":false},"excerpt":{"rendered":"","protected":false},"author":3,"featured_media":7894,"comment_status":"open","ping_status":"open","sticky":false,"template":"","format":"standard","meta":{"footnotes":""},"categories":[9,12,35,36],"tags":[],"class_list":["post-23888","post","type-post","status-publish","format-standard","has-post-thumbnail","hentry","category-accueil-fr","category-change-climat","category-proteger","category-restaurer"],"_links":{"self":[{"href":"https:\/\/www.ern.org\/fr\/wp-json\/wp\/v2\/posts\/23888","targetHints":{"allow":["GET"]}}],"collection":[{"href":"https:\/\/www.ern.org\/fr\/wp-json\/wp\/v2\/posts"}],"about":[{"href":"https:\/\/www.ern.org\/fr\/wp-json\/wp\/v2\/types\/post"}],"author":[{"embeddable":true,"href":"https:\/\/www.ern.org\/fr\/wp-json\/wp\/v2\/users\/3"}],"replies":[{"embeddable":true,"href":"https:\/\/www.ern.org\/fr\/wp-json\/wp\/v2\/comments?post=23888"}],"version-history":[{"count":0,"href":"https:\/\/www.ern.org\/fr\/wp-json\/wp\/v2\/posts\/23888\/revisions"}],"wp:featuredmedia":[{"embeddable":true,"href":"https:\/\/www.ern.org\/fr\/wp-json\/wp\/v2\/media\/7894"}],"wp:attachment":[{"href":"https:\/\/www.ern.org\/fr\/wp-json\/wp\/v2\/media?parent=23888"}],"wp:term":[{"taxonomy":"category","embeddable":true,"href":"https:\/\/www.ern.org\/fr\/wp-json\/wp\/v2\/categories?post=23888"},{"taxonomy":"post_tag","embeddable":true,"href":"https:\/\/www.ern.org\/fr\/wp-json\/wp\/v2\/tags?post=23888"}],"curies":[{"name":"wp","href":"https:\/\/api.w.org\/{rel}","templated":true}]}}