{"id":23825,"date":"2020-10-30T12:16:00","date_gmt":"2020-10-30T11:16:00","guid":{"rendered":"http:\/\/www.ern.org\/?p=13116"},"modified":"2026-04-16T14:26:08","modified_gmt":"2026-04-16T12:26:08","slug":"petition-a-signer-contre-un-projet-de-microcentrale-sur-un-torrent-des-alpes-italiennes-val-sesia-piemont","status":"publish","type":"post","link":"https:\/\/www.ern.org\/fr\/petition-a-signer-contre-un-projet-de-microcentrale-sur-un-torrent-des-alpes-italiennes-val-sesia-piemont\/","title":{"rendered":"P\u00e9tition \u00e0 signer contre un projet de microcentrale sur un torrent des alpes italiennes (Val Sesia, Pi\u00e9mont)"},"content":{"rendered":"<p style=\"text-align: center;\"><strong>Encore un projet de microcentrale sur un torrent des alpes, en Italie cette fois \u2026 Quelle honte !<\/strong><\/p>\n<p style=\"text-align: center;\">Agissons, agissez en signant la p\u00e9tition lanc\u00e9e par le comit\u00e9 de d\u00e9fense de la Sesia et de ses affluents, qui se bat depuis 30 ans &#8211; avec succ\u00e8s jusqu&rsquo;\u00e0 pr\u00e9sent &#8211; contre tout projet hydro dans la merveilleuse vall\u00e9e de la Sesia. H\u00e9las, dans la vall\u00e9e affluente du torrent Sorba, le petit village de Rassa &#8211; 67 r\u00e9sidents (!) &#8211; est parvenu \u00e0 se faire autoriser une centrale de 226KW. Projet absurde, vou\u00e9 \u00e0 \u00eatre d\u00e9ficitaire et surtout d\u00e9vastateur pour tout l&rsquo;\u00e9cosyst\u00e8me environnant. Il faut \u00e0 tout prix \u00e9viter cela\u2026<br \/>\n<a href=\"https:\/\/tinyurl.com\/save-sorba\">=&gt; Voir la p\u00e9tition<\/a><\/p>\n","protected":false},"excerpt":{"rendered":"<p>Encore un projet de microcentrale sur un torrent des alpes, en Italie cette fois \u2026 Quelle honte ! Agissons, agissez en signant la p\u00e9tition lanc\u00e9e par le comit\u00e9 de d\u00e9fense de la Sesia et de ses affluents, qui se bat depuis 30 ans &#8211; avec succ\u00e8s jusqu&rsquo;\u00e0 pr\u00e9sent &#8211; contre tout projet hydro dans la [&hellip;]<\/p>\n","protected":false},"author":5,"featured_media":13111,"comment_status":"open","ping_status":"open","sticky":false,"template":"","format":"standard","meta":{"footnotes":""},"categories":[9,19,21,52],"tags":[],"class_list":["post-23825","post","type-post","status-publish","format-standard","has-post-thumbnail","hentry","category-accueil-fr","category-effacer","category-living-rivers-europe","category-wild-rivers-europe"],"_links":{"self":[{"href":"https:\/\/www.ern.org\/fr\/wp-json\/wp\/v2\/posts\/23825","targetHints":{"allow":["GET"]}}],"collection":[{"href":"https:\/\/www.ern.org\/fr\/wp-json\/wp\/v2\/posts"}],"about":[{"href":"https:\/\/www.ern.org\/fr\/wp-json\/wp\/v2\/types\/post"}],"author":[{"embeddable":true,"href":"https:\/\/www.ern.org\/fr\/wp-json\/wp\/v2\/users\/5"}],"replies":[{"embeddable":true,"href":"https:\/\/www.ern.org\/fr\/wp-json\/wp\/v2\/comments?post=23825"}],"version-history":[{"count":1,"href":"https:\/\/www.ern.org\/fr\/wp-json\/wp\/v2\/posts\/23825\/revisions"}],"predecessor-version":[{"id":25781,"href":"https:\/\/www.ern.org\/fr\/wp-json\/wp\/v2\/posts\/23825\/revisions\/25781"}],"wp:featuredmedia":[{"embeddable":true,"href":"https:\/\/www.ern.org\/fr\/wp-json\/wp\/v2\/media\/13111"}],"wp:attachment":[{"href":"https:\/\/www.ern.org\/fr\/wp-json\/wp\/v2\/media?parent=23825"}],"wp:term":[{"taxonomy":"category","embeddable":true,"href":"https:\/\/www.ern.org\/fr\/wp-json\/wp\/v2\/categories?post=23825"},{"taxonomy":"post_tag","embeddable":true,"href":"https:\/\/www.ern.org\/fr\/wp-json\/wp\/v2\/tags?post=23825"}],"curies":[{"name":"wp","href":"https:\/\/api.w.org\/{rel}","templated":true}]}}