{"id":14222,"date":"2021-04-02T17:19:00","date_gmt":"2021-04-02T15:19:00","guid":{"rendered":"http:\/\/www.ern.org\/?p=14222"},"modified":"2026-04-16T14:25:47","modified_gmt":"2026-04-16T12:25:47","slug":"webinaire-vichy-du-22-mars-les-interventions-sont-en-ligne","status":"publish","type":"post","link":"https:\/\/www.ern.org\/fr\/webinaire-vichy-du-22-mars-les-interventions-sont-en-ligne\/","title":{"rendered":"Webinaire Vichy (France) du 22 mars : les interventions sont en ligne !"},"content":{"rendered":"<p style=\"text-align: center;\">Retrouvez tous les contenus et les interventions de notre webinaire* du 22 mars\u00a0 intitul\u00e9<br \/>\n\u00ab\u00a0Barrage de Vichy : une centrale hydro\u00e9lectrique de plus sur une rivi\u00e8re \u00e0 grands migrateurs ? Bon ou mauvais projet?\u00a0\u00bb<\/p>\n<p style=\"text-align: center;\"><a href=\"https:\/\/www.ern.org\/fr\/14033-2\/\">&gt;&gt; Voir les interventions du 22 mars<\/a><\/p>\n<p style=\"text-align: center;\"><a href=\"https:\/\/www.ern.org\/fr\/vichy-non-au-projet-de-centrale-hydro\/\">&gt; Plus d&rsquo;infos sur le projet de Vichy, et la position et les autres actions des associations du collectif<\/a><\/p>\n<p>&nbsp;<\/p>\n<p><em>*Webinaire organis\u00e9 par le collectif d&rsquo;associations: l\u2019Association Saumon Sauvage, l\u2019Association Protection du Saumon, Allier Sauvage, la FRANE, FNE Allier, SOS Loire Vivante-ERN, l\u2019Association des P\u00eacheurs Professionnels en Eau Douce de Loire-Atlantique, l\u2019Association Agr\u00e9\u00e9e des<\/em><br \/>\n<em>P\u00eacheurs Professionnels en eau douce du Bassin Loire-Bretagne, la F\u00e9d\u00e9ration de P\u00eache de Haute-Loire<\/em><\/p>\n","protected":false},"excerpt":{"rendered":"<p>Retrouvez tous les contenus et les interventions de notre webinaire* du 22 mars\u00a0 intitul\u00e9 \u00ab\u00a0Barrage de Vichy : une centrale hydro\u00e9lectrique de plus sur une rivi\u00e8re \u00e0 grands migrateurs ? Bon ou mauvais projet?\u00a0\u00bb &gt;&gt; Voir les interventions du 22 mars &gt; Plus d&rsquo;infos sur le projet de Vichy, et la position et les autres [&hellip;]<\/p>\n","protected":false},"author":5,"featured_media":14127,"comment_status":"open","ping_status":"open","sticky":false,"template":"","format":"standard","meta":{"footnotes":""},"categories":[9,17,25,43],"tags":[],"class_list":["post-14222","post","type-post","status-publish","format-standard","has-post-thumbnail","hentry","category-accueil-fr","category-dam-watch-fr","category-menaces","category-vichy"],"_links":{"self":[{"href":"https:\/\/www.ern.org\/fr\/wp-json\/wp\/v2\/posts\/14222","targetHints":{"allow":["GET"]}}],"collection":[{"href":"https:\/\/www.ern.org\/fr\/wp-json\/wp\/v2\/posts"}],"about":[{"href":"https:\/\/www.ern.org\/fr\/wp-json\/wp\/v2\/types\/post"}],"author":[{"embeddable":true,"href":"https:\/\/www.ern.org\/fr\/wp-json\/wp\/v2\/users\/5"}],"replies":[{"embeddable":true,"href":"https:\/\/www.ern.org\/fr\/wp-json\/wp\/v2\/comments?post=14222"}],"version-history":[{"count":1,"href":"https:\/\/www.ern.org\/fr\/wp-json\/wp\/v2\/posts\/14222\/revisions"}],"predecessor-version":[{"id":25763,"href":"https:\/\/www.ern.org\/fr\/wp-json\/wp\/v2\/posts\/14222\/revisions\/25763"}],"wp:featuredmedia":[{"embeddable":true,"href":"https:\/\/www.ern.org\/fr\/wp-json\/wp\/v2\/media\/14127"}],"wp:attachment":[{"href":"https:\/\/www.ern.org\/fr\/wp-json\/wp\/v2\/media?parent=14222"}],"wp:term":[{"taxonomy":"category","embeddable":true,"href":"https:\/\/www.ern.org\/fr\/wp-json\/wp\/v2\/categories?post=14222"},{"taxonomy":"post_tag","embeddable":true,"href":"https:\/\/www.ern.org\/fr\/wp-json\/wp\/v2\/tags?post=14222"}],"curies":[{"name":"wp","href":"https:\/\/api.w.org\/{rel}","templated":true}]}}