{"id":13915,"date":"2021-03-11T12:42:16","date_gmt":"2021-03-11T11:42:16","guid":{"rendered":"http:\/\/www.ern.org\/?p=13915"},"modified":"2026-04-16T14:25:47","modified_gmt":"2026-04-16T12:25:47","slug":"debat-le-22-03-21-barrage-de-vichy-une-centrale-hydroelectrique-de-plus-sur-une-riviere-a-grands-migrateurs","status":"publish","type":"post","link":"https:\/\/www.ern.org\/fr\/debat-le-22-03-21-barrage-de-vichy-une-centrale-hydroelectrique-de-plus-sur-une-riviere-a-grands-migrateurs\/","title":{"rendered":"D\u00e9bat le 22\/03\/21 : Barrage de Vichy : une centrale hydro\u00e9lectrique de plus sur une rivi\u00e8re \u00e0 grands migrateurs ?"},"content":{"rendered":"<p style=\"text-align: center;\">SHEMA (Filiale d&rsquo;EDF) projette l\u2019installation et l\u2019exploitation d\u2019une centrale hydro\u00e9lectrique sur l&rsquo;Allier en rive gauche du pont-barrage de Vichy. Le projet, encore peu connu des citoyens, est sensible car il va impacter la Loire et Allier, grand axe de migration du Saumon dont l\u2019enjeu de protection est de niveau europ\u00e9en !<br \/>\nPour vous faire un avis sur ce projet, SOS Loire Vivante-ERN, l&rsquo;Association Saumon Sauvage, l&rsquo;association Protection du Saumon, Allier Sauvage, la FRANE et d&rsquo;autres partenaires vous proposent :<br \/>\n<strong>un webinaire-d\u00e9bat<br \/>\n<\/strong><strong>le 22 mars prochain<\/strong><br \/>\n<strong>16h \u00e0 18h.<\/strong><\/p>\n<p style=\"text-align: center;\">Inscriptions ouvertes<br \/>\n<a href=\"https:\/\/www.ern.org\/fr\/webinaires\/\">&gt;&gt;Plus d&rsquo;infos en cliquant ici<\/a><\/p>\n","protected":false},"excerpt":{"rendered":"<p>SHEMA (Filiale d&rsquo;EDF) projette l\u2019installation et l\u2019exploitation d\u2019une centrale hydro\u00e9lectrique sur l&rsquo;Allier en rive gauche du pont-barrage de Vichy. Le projet, encore peu connu des citoyens, est sensible car il va impacter la Loire et Allier, grand axe de migration du Saumon dont l\u2019enjeu de protection est de niveau europ\u00e9en ! Pour vous faire un [&hellip;]<\/p>\n","protected":false},"author":5,"featured_media":13908,"comment_status":"open","ping_status":"open","sticky":false,"template":"","format":"standard","meta":{"footnotes":""},"categories":[9,25,43],"tags":[],"class_list":["post-13915","post","type-post","status-publish","format-standard","has-post-thumbnail","hentry","category-accueil-fr","category-menaces","category-vichy"],"_links":{"self":[{"href":"https:\/\/www.ern.org\/fr\/wp-json\/wp\/v2\/posts\/13915","targetHints":{"allow":["GET"]}}],"collection":[{"href":"https:\/\/www.ern.org\/fr\/wp-json\/wp\/v2\/posts"}],"about":[{"href":"https:\/\/www.ern.org\/fr\/wp-json\/wp\/v2\/types\/post"}],"author":[{"embeddable":true,"href":"https:\/\/www.ern.org\/fr\/wp-json\/wp\/v2\/users\/5"}],"replies":[{"embeddable":true,"href":"https:\/\/www.ern.org\/fr\/wp-json\/wp\/v2\/comments?post=13915"}],"version-history":[{"count":1,"href":"https:\/\/www.ern.org\/fr\/wp-json\/wp\/v2\/posts\/13915\/revisions"}],"predecessor-version":[{"id":25766,"href":"https:\/\/www.ern.org\/fr\/wp-json\/wp\/v2\/posts\/13915\/revisions\/25766"}],"wp:featuredmedia":[{"embeddable":true,"href":"https:\/\/www.ern.org\/fr\/wp-json\/wp\/v2\/media\/13908"}],"wp:attachment":[{"href":"https:\/\/www.ern.org\/fr\/wp-json\/wp\/v2\/media?parent=13915"}],"wp:term":[{"taxonomy":"category","embeddable":true,"href":"https:\/\/www.ern.org\/fr\/wp-json\/wp\/v2\/categories?post=13915"},{"taxonomy":"post_tag","embeddable":true,"href":"https:\/\/www.ern.org\/fr\/wp-json\/wp\/v2\/tags?post=13915"}],"curies":[{"name":"wp","href":"https:\/\/api.w.org\/{rel}","templated":true}]}}