{"id":11832,"date":"2020-05-28T10:20:11","date_gmt":"2020-05-28T08:20:11","guid":{"rendered":"http:\/\/www.ern.org\/?p=11832"},"modified":"2026-04-16T14:26:31","modified_gmt":"2026-04-16T12:26:31","slug":"selune-les-travaux-sur-le-barrage-de-vezins-se-terminent","status":"publish","type":"post","link":"https:\/\/www.ern.org\/fr\/selune-les-travaux-sur-le-barrage-de-vezins-se-terminent\/","title":{"rendered":"S\u00e9lune : les travaux sur le barrage de Vezins se terminent !"},"content":{"rendered":"<div>\n<p>Depuis le mois de mars, et compte-tenu de la crise sanitaire, le chantier d\u2019effacement de Vezins men\u00e9 par la DDTM 50 est \u00e0 l\u2019arr\u00eat. Seule la pile centrale et les fondations subsistent aujourd\u2019hui. Avec du retard, les travaux vont reprendre jusqu&rsquo;en septembre pour qu\u2019enfin la S\u00e9lune retrouve son lit. Sur le barrage de la Roche-qui-boit \u00e0 l\u2019aval,\u00a0 le seul restant \u00e0 ce jour, EDF ma\u00eetre d\u2019\u0153uvre du chantier va lancer les travaux de gestion des s\u00e9diments au mois de juin 2020. La vidange d\u00e9finitive du plan d\u2019eau est pr\u00e9vue en avril 2021 et la d\u00e9construction du barrage fin 2021-d\u00e9but 2022.<\/p>\n<p>&gt;&gt; Plus d\u2019infos sur <a href=\"https:\/\/www.ern.org\/fr\/selune-libre\/\">nos pages d\u00e9di\u00e9es<\/a><\/p>\n<\/div>\n<div><\/div>\n","protected":false},"excerpt":{"rendered":"<p>Depuis le mois de mars, et compte-tenu de la crise sanitaire, le chantier d\u2019effacement de Vezins men\u00e9 par la DDTM 50 est \u00e0 l\u2019arr\u00eat. Seule la pile centrale et les fondations subsistent aujourd\u2019hui. Avec du retard, les travaux vont reprendre jusqu&rsquo;en septembre pour qu\u2019enfin la S\u00e9lune retrouve son lit. Sur le barrage de la Roche-qui-boit [&hellip;]<\/p>\n","protected":false},"author":4,"featured_media":11570,"comment_status":"open","ping_status":"open","sticky":false,"template":"","format":"standard","meta":{"footnotes":""},"categories":[9,17,19,33,36,41],"tags":[117,133,265,341],"class_list":["post-11832","post","type-post","status-publish","format-standard","has-post-thumbnail","hentry","category-accueil-fr","category-dam-watch-fr","category-effacer","category-poutes-fr","category-restaurer","category-selune-fr","tag-dam-removal-europe","tag-effacement-barrage","tag-selune-fr","tag-vezins"],"_links":{"self":[{"href":"https:\/\/www.ern.org\/fr\/wp-json\/wp\/v2\/posts\/11832","targetHints":{"allow":["GET"]}}],"collection":[{"href":"https:\/\/www.ern.org\/fr\/wp-json\/wp\/v2\/posts"}],"about":[{"href":"https:\/\/www.ern.org\/fr\/wp-json\/wp\/v2\/types\/post"}],"author":[{"embeddable":true,"href":"https:\/\/www.ern.org\/fr\/wp-json\/wp\/v2\/users\/4"}],"replies":[{"embeddable":true,"href":"https:\/\/www.ern.org\/fr\/wp-json\/wp\/v2\/comments?post=11832"}],"version-history":[{"count":1,"href":"https:\/\/www.ern.org\/fr\/wp-json\/wp\/v2\/posts\/11832\/revisions"}],"predecessor-version":[{"id":25804,"href":"https:\/\/www.ern.org\/fr\/wp-json\/wp\/v2\/posts\/11832\/revisions\/25804"}],"wp:featuredmedia":[{"embeddable":true,"href":"https:\/\/www.ern.org\/fr\/wp-json\/wp\/v2\/media\/11570"}],"wp:attachment":[{"href":"https:\/\/www.ern.org\/fr\/wp-json\/wp\/v2\/media?parent=11832"}],"wp:term":[{"taxonomy":"category","embeddable":true,"href":"https:\/\/www.ern.org\/fr\/wp-json\/wp\/v2\/categories?post=11832"},{"taxonomy":"post_tag","embeddable":true,"href":"https:\/\/www.ern.org\/fr\/wp-json\/wp\/v2\/tags?post=11832"}],"curies":[{"name":"wp","href":"https:\/\/api.w.org\/{rel}","templated":true}]}}