{"id":10179,"date":"2019-12-05T15:08:54","date_gmt":"2019-12-05T14:08:54","guid":{"rendered":"http:\/\/www.ern.org\/?p=10179"},"modified":"2026-04-16T14:27:24","modified_gmt":"2026-04-16T12:27:24","slug":"continuite-ecologique-sur-le-rhin-la-riposte-des-ongs","status":"publish","type":"post","link":"https:\/\/www.ern.org\/fr\/continuite-ecologique-sur-le-rhin-la-riposte-des-ongs\/","title":{"rendered":"Continuit\u00e9 \u00e9cologique sur le Rhin : la riposte des ONGs !"},"content":{"rendered":"<p style=\"text-align: center;\">En vue de la prochaine conf\u00e9rence des Ministres, qui aura lieu \u00e0 Amsterdam en 2020, les ONG de protection de l&rsquo;environnement du bassin rh\u00e9nan en faveur de la continuit\u00e9 \u00e9cologique du Rhin sup\u00e9rieur viennent de publier une position commune, dans laquelle elles font conna\u00eetre leurs exigences.<\/p>\n<p style=\"text-align: center;\">En effet, lors de la derni\u00e8re r\u00e9union pl\u00e9ni\u00e8re de la CIPR \u00e0 Malbun en juillet 2019, la France a communiqu\u00e9 son plan g\u00e9n\u00e9ral pour la restauration de la continuit\u00e9 \u00e9cologique du Rhin entre Rhinau et Vogelgr\u00fcn. Malgr\u00e9 la mise en place du nouveau \u00ab\u00a0Plan Rhin Vivant\u00a0\u00bb, que les ONG saluent et approuvent, elles d\u00e9plorent que l&rsquo;\u00e9ch\u00e9ance de 2020 initialement pr\u00e9vue, ni aucune autre \u00e9ch\u00e9ance, ne figure plus dans le programme fran\u00e7ais.<\/p>\n<p style=\"text-align: center;\">Par cons\u00e9quent, les ONG exigent que tous les travaux n\u00e9cessaires pour garantir la continuit\u00e9 \u00e9cologique et la r\u00e9implantation de populations de saumons en \u00e9quilibre naturel dans le bassin du Rhin jusqu\u2019\u00e0 B\u00e2le soient termin\u00e9s fin 2025. Elles demandent \u00e9galement\u00a0 que soient pr\u00e9vus une clause de r\u00e9vision pour fin 2022 et un rapport d\u2019\u00e9tape.<\/p>\n<p style=\"text-align: center;\"><a href=\"http:\/\/www.salmoncomeback.org\/wp-content\/uploads\/sites\/14\/2020\/02\/20191127-NGO-letter_CIPR_FR_DE_bd.pdf\">&gt;&gt; Pour plus de d\u00e9tails, lire la position des associations (disponible en Fran\u00e7ais et en Allemand uniquement)<\/a><\/p>\n<p style=\"text-align: center;\">&gt;&gt; Lire aussi nos pr\u00e9c\u00e9dentes news sur le sujet :<br \/>\n<em>news du <a href=\"https:\/\/www.ern.org\/fr\/continuite-ecologique-sur-le-rhin-la-france-pointee-du-doigt-a-la-cipr\/\">25 juillet 2019 : la France point\u00e9e du doigt \u00e0 la CIPR<\/a><\/em><br \/>\n<em>news du <a href=\"https:\/\/www.ern.org\/fr\/rhine-commission-urges-france-to-step-up-efforts-to-restore-the-ecological-flow-of-the-rhine-river\/\">28 juillet 2019 : La France doit redoubler d&rsquo;efforts pour r\u00e9tablir le d\u00e9bit \u00e9cologique du Rhin<\/a><\/em><\/p>\n<p style=\"text-align: center;\">&gt;&gt; Voir le Flyer en fran\u00e7ais de pr\u00e9sentation du <a href=\"http:\/\/cdi.eau-rhin-meuse.fr\/GEIDEFile\/19_06_17_plaquette_BD.pdf?Archive=252668007084&amp;File=19_06_17_plaquette_BD_pdf\">Plan Rhin Vivant<\/a><\/p>\n<p>&nbsp;<\/p>\n","protected":false},"excerpt":{"rendered":"<p>En vue de la prochaine conf\u00e9rence des Ministres, qui aura lieu \u00e0 Amsterdam en 2020, les ONG de protection de l&rsquo;environnement du bassin rh\u00e9nan en faveur de la continuit\u00e9 \u00e9cologique du Rhin sup\u00e9rieur viennent de publier une position commune, dans laquelle elles font conna\u00eetre leurs exigences. En effet, lors de la derni\u00e8re r\u00e9union pl\u00e9ni\u00e8re de [&hellip;]<\/p>\n","protected":false},"author":5,"featured_media":8979,"comment_status":"open","ping_status":"open","sticky":false,"template":"","format":"standard","meta":{"footnotes":""},"categories":[9,39],"tags":[],"class_list":["post-10179","post","type-post","status-publish","format-standard","has-post-thumbnail","hentry","category-accueil-fr","category-salmoncomeback-fr"],"_links":{"self":[{"href":"https:\/\/www.ern.org\/fr\/wp-json\/wp\/v2\/posts\/10179","targetHints":{"allow":["GET"]}}],"collection":[{"href":"https:\/\/www.ern.org\/fr\/wp-json\/wp\/v2\/posts"}],"about":[{"href":"https:\/\/www.ern.org\/fr\/wp-json\/wp\/v2\/types\/post"}],"author":[{"embeddable":true,"href":"https:\/\/www.ern.org\/fr\/wp-json\/wp\/v2\/users\/5"}],"replies":[{"embeddable":true,"href":"https:\/\/www.ern.org\/fr\/wp-json\/wp\/v2\/comments?post=10179"}],"version-history":[{"count":1,"href":"https:\/\/www.ern.org\/fr\/wp-json\/wp\/v2\/posts\/10179\/revisions"}],"predecessor-version":[{"id":25829,"href":"https:\/\/www.ern.org\/fr\/wp-json\/wp\/v2\/posts\/10179\/revisions\/25829"}],"wp:featuredmedia":[{"embeddable":true,"href":"https:\/\/www.ern.org\/fr\/wp-json\/wp\/v2\/media\/8979"}],"wp:attachment":[{"href":"https:\/\/www.ern.org\/fr\/wp-json\/wp\/v2\/media?parent=10179"}],"wp:term":[{"taxonomy":"category","embeddable":true,"href":"https:\/\/www.ern.org\/fr\/wp-json\/wp\/v2\/categories?post=10179"},{"taxonomy":"post_tag","embeddable":true,"href":"https:\/\/www.ern.org\/fr\/wp-json\/wp\/v2\/tags?post=10179"}],"curies":[{"name":"wp","href":"https:\/\/api.w.org\/{rel}","templated":true}]}}